{"id":845,"date":"2021-05-04T14:54:44","date_gmt":"2021-05-04T12:54:44","guid":{"rendered":"https:\/\/bloomsocialanalytics.com\/?p=845"},"modified":"2021-05-04T15:00:48","modified_gmt":"2021-05-04T13:00:48","slug":"flashmail-anti-vaccins","status":"publish","type":"post","link":"https:\/\/bloomsocialanalytics.com\/fr\/flashmail-anti-vaccins\/","title":{"rendered":"Les anti-vaccins ont perdu la bataille des r\u00e9seaux sociaux"},"content":{"rendered":"<p><em>Flashmail<\/em>&#8211; Bloom, plateforme IA de Social Media Intelligence et d\u00e9tecteur de tendances, \u00e9v\u00e9nements, crises et signaux faibles \u00e9dite aujourd\u2019hui son analyse des communaut\u00e9s et de tendances de l&rsquo;opinion publique sur les r\u00e9seaux sociaux. Sur la <strong>question de la campagne de vaccination contre la COVID-19, Bloom identifie une nette \u00e9volution de l\u2019opinion des Fran\u00e7ais entre l\u2019automne 2020 &#8211; date de la premi\u00e8re vague &#8211; et le printemps 2021.<\/strong><\/p>\n<p>D\u00e9couvrez l&rsquo;infographie ici : <a href=\"https:\/\/bloomsocialanalytics.com\/wp-content\/uploads\/2021\/05\/INFOGRAPHIE-VACCINS-vdef.pdf\">INFOGRAPHIE VACCINS vdef<\/a><\/p>\n<h2><strong>AUTOMNE 2020 : LES ANTI VACCINS ONT LE VENT EN POUPE ET LES ARGUMENTS SONT POLITIQUES AVANT D&rsquo;ETRE SANITAIRES <\/strong><\/h2>\n<p>En octobre-novembre 2020, <strong>le sujet des vaccins contre la COVID-19 suscite une forte \u00e9mulation<\/strong> (31% des \u00e9motions relev\u00e9es sur les publications et les engagements), notamment de la part des communaut\u00e9s \u00ab anti- vaccins \u00bb. Ces anti-vaccins revendiqu\u00e9s (134 000 acteurs actifs) repr\u00e9sentent\u00a0pr\u00e8s de 15% des personnes et 20% des engagements offrant <strong>une repr\u00e9sentativit\u00e9 et des capacit\u00e9s f\u00e9d\u00e9ratrices tr\u00e8s fortes<\/strong>.<\/p>\n<h3><strong>Un amalgame m\u00ealant m\u00e9decins, souverainistes et militants anti vaccins<\/strong><\/h3>\n<p>Sur Twitter, les complotistes et les sph\u00e8res politiques anti-Union Europ\u00e9enne dominent la communaut\u00e9 anti- vaccin. M\u00e9decins et professionnels de sant\u00e9 expriment leurs doutes le plus souvent anonymement, et alimentent ainsi les contenus antivax tandis que les activistes souverainistes d\u00e9noncent les institutions europ\u00e9ennes. Sur Facebook, ce sont les m\u00e9dias \u00ab\u00a0alternatifs\u00a0\u00bb qui sont l\u2019antichambre des vaccins avec notamment le documentaire Hold up qui a suscit\u00e9 136 000 engagements.<\/p>\n","protected":false},"excerpt":{"rendered":"<p>Flashmail&#8211; Bloom, plateforme IA de Social Media Intelligence et d\u00e9tecteur de tendances, \u00e9v\u00e9nements, crises et signaux faibles \u00e9dite aujourd\u2019hui son analyse des communaut\u00e9s et de tendances de l&rsquo;opinion publique sur les r\u00e9seaux sociaux. Sur la question de la campagne de vaccination contre la COVID-19, Bloom identifie une nette \u00e9volution de l\u2019opinion des Fran\u00e7ais entre l\u2019automne [&hellip;]<\/p>\n","protected":false},"author":3,"featured_media":850,"comment_status":"closed","ping_status":"open","sticky":false,"template":"","format":"standard","meta":[],"categories":[11],"tags":[],"acf":[],"_links":{"self":[{"href":"https:\/\/bloomsocialanalytics.com\/fr\/wp-json\/wp\/v2\/posts\/845"}],"collection":[{"href":"https:\/\/bloomsocialanalytics.com\/fr\/wp-json\/wp\/v2\/posts"}],"about":[{"href":"https:\/\/bloomsocialanalytics.com\/fr\/wp-json\/wp\/v2\/types\/post"}],"author":[{"embeddable":true,"href":"https:\/\/bloomsocialanalytics.com\/fr\/wp-json\/wp\/v2\/users\/3"}],"replies":[{"embeddable":true,"href":"https:\/\/bloomsocialanalytics.com\/fr\/wp-json\/wp\/v2\/comments?post=845"}],"version-history":[{"count":0,"href":"https:\/\/bloomsocialanalytics.com\/fr\/wp-json\/wp\/v2\/posts\/845\/revisions"}],"wp:featuredmedia":[{"embeddable":true,"href":"https:\/\/bloomsocialanalytics.com\/fr\/wp-json\/wp\/v2\/media\/850"}],"wp:attachment":[{"href":"https:\/\/bloomsocialanalytics.com\/fr\/wp-json\/wp\/v2\/media?parent=845"}],"wp:term":[{"taxonomy":"category","embeddable":true,"href":"https:\/\/bloomsocialanalytics.com\/fr\/wp-json\/wp\/v2\/categories?post=845"},{"taxonomy":"post_tag","embeddable":true,"href":"https:\/\/bloomsocialanalytics.com\/fr\/wp-json\/wp\/v2\/tags?post=845"}],"curies":[{"name":"wp","href":"https:\/\/api.w.org\/{rel}","templated":true}]}}